{"id":3141,"date":"2014-04-17T18:21:47","date_gmt":"2014-04-17T18:21:47","guid":{"rendered":"http:\/\/www.ilhadabeleza.com.br\/blog\/?p=3141"},"modified":"2021-04-16T17:47:06","modified_gmt":"2021-04-16T20:47:06","slug":"fique-por-dentro-das-novidades-que-desembarcaram-na-hair-brasil-2014","status":"publish","type":"post","link":"https:\/\/www.ilhadabeleza.com.br\/blog\/fique-por-dentro-das-novidades-que-desembarcaram-na-hair-brasil-2014\/","title":{"rendered":"Fique por dentro das novidades que desembarcaram na Hair Brasil 2014"},"content":{"rendered":"<p><img loading=\"lazy\" class=\"alignnone wp-image-3155 size-full\" title=\"Fique por dentro das novidades que desembarcaram na Hair Brasil 2014\" src=\"https:\/\/www.ilhadabeleza.com.br\/blog\/wp-content\/uploads\/2014\/04\/ghair_stand.jpg\" alt=\"Fique por dentro das novidades que desembarcaram na Hair Brasil 2014\" width=\"650\" height=\"650\" srcset=\"https:\/\/www.ilhadabeleza.com.br\/blog\/wp-content\/uploads\/2014\/04\/ghair_stand.jpg 650w, https:\/\/www.ilhadabeleza.com.br\/blog\/wp-content\/uploads\/2014\/04\/ghair_stand-150x150.jpg 150w, https:\/\/www.ilhadabeleza.com.br\/blog\/wp-content\/uploads\/2014\/04\/ghair_stand-300x300.jpg 300w\" sizes=\"(max-width: 650px) 100vw, 650px\" \/><\/p>\n<p>Nos dias 12 a 15 de abril, S\u00e3o Paulo sediou uma das mais importantes feiras de cosm\u00e9ticos da Am\u00e9rica-Latina, a Hair Brasil. Com p\u00fablico estimado de 100 mil pessoas, o evento ocupou todo o Expo Center Norte, trazendo algumas das melhores marcas da ind\u00fastria de cabelos, est\u00e9tica, unhas e beleza. Segundo Jeferson Santos, diretor geral da Hair Brasil, <em>&#8220;A proposta \u00e9 realizar neg\u00f3cios, relacionamentos e qualifica\u00e7\u00e3o profissional, reunindo empres\u00e1rios e profissionais influentes do mercado no maior encontro do setor&#8221;<\/em>.<\/p>\n<h5><strong>Lan\u00e7amentos que n\u00e3o podem faltar na sua necessaire<\/strong><\/h5>\n<p>Embora super movimentada, a Hair Brasil n\u00e3o trouxe muitas inova\u00e7\u00f5es para o mercado cosm\u00e9tico. As grandes novidades ficaram por conta das marcas nacionais, que aproveitaram a oportunidade para divulgar produtos que v\u00e3o agitar o setor ao longo do ano todo. Um dos maiores destaques da feira foi o lan\u00e7amento da linha <strong>Detox, da Cadiveu<\/strong>. O kit com 5 produtinhos garante desintoxica\u00e7\u00e3o, crescimento saud\u00e1vel dos fios, al\u00e9m de controle da oleosidade, cabelos fortes e brilhantes. N\u00f3s contamos todos os <strong><a href=\"http:\/\/www.ilhadabeleza.com.br\/blog\/detox-capilar-cadiveu6-beneficios-em-3-passos\/\" target=\"_blank\" rel=\"noopener\">benef\u00edcios e o passo a passo do Detox<\/a>\u00a0<\/strong>nesse post.<\/p>\n<p><img loading=\"lazy\" class=\"alignnone wp-image-3129 size-full\" title=\"Fique por dentro das novidades que desembarcaram na Hair Brasil 2014\" src=\"https:\/\/www.ilhadabeleza.com.br\/blog\/wp-content\/uploads\/2014\/04\/detox_hair-brasil.png\" alt=\"Fique por dentro das novidades que desembarcaram na Hair Brasil 2014\" width=\"660\" height=\"660\" srcset=\"https:\/\/www.ilhadabeleza.com.br\/blog\/wp-content\/uploads\/2014\/04\/detox_hair-brasil.png 660w, https:\/\/www.ilhadabeleza.com.br\/blog\/wp-content\/uploads\/2014\/04\/detox_hair-brasil-150x150.png 150w, https:\/\/www.ilhadabeleza.com.br\/blog\/wp-content\/uploads\/2014\/04\/detox_hair-brasil-300x300.png 300w\" sizes=\"(max-width: 660px) 100vw, 660px\" \/><\/p>\n<p>J\u00e1 a <strong>Inoar Professional<\/strong> trouxe dois produtos que prometem fazer a cabe\u00e7a da mulherada. O <strong>Inoar Power Powder<\/strong>, um tratamento em p\u00f3 para reduzir o volume dos cabelos, com f\u00f3rmula exclusiva com 0% de formol, am\u00f4nia, parabeno e sal, e a linha <strong>Inoar Absolut Speed Blond<\/strong>\u00a0que promove uma limpeza suave, elimina o amarelado dos fios e n\u00e3o desbota a cor. Pedida perfeita para quem tem os cabelos loiros ou descoloridos.<\/p>\n<p><a href=\"http:\/\/br726.teste.website\/~ilhad581\/blog\/wp-content\/uploads\/2014\/04\/inoar-1.png\"><img loading=\"lazy\" class=\"alignnone wp-image-3148 size-full\" title=\"Fique por dentro das novidades que desembarcaram na Hair Brasil 2014\" src=\"https:\/\/www.ilhadabeleza.com.br\/blog\/wp-content\/uploads\/2014\/04\/inoar.png\" alt=\"Fique por dentro das novidades que desembarcaram na Hair Brasil 2014\" width=\"650\" height=\"457\" srcset=\"https:\/\/www.ilhadabeleza.com.br\/blog\/wp-content\/uploads\/2014\/04\/inoar.png 650w, https:\/\/www.ilhadabeleza.com.br\/blog\/wp-content\/uploads\/2014\/04\/inoar-300x211.png 300w\" sizes=\"(max-width: 650px) 100vw, 650px\" \/><\/a><\/p>\n<p>Para quem n\u00e3o abre m\u00e3o de um cabelo liso todo dia, agora \u00e9 oficial: as linhas GHair, Marroquina e Pl\u00e1stica Capilar t\u00eam marca pr\u00f3pria e <strong>n\u00e3o levar\u00e3o mais o logo da Inoar.\u00a0<\/strong>A transi\u00e7\u00e3o ainda est\u00e1 acontecendo, mas na Hair Brasil os produtos j\u00e1 estavam em um estande diferente. Ou seja: as embalagens est\u00e3o mudando e ainda vai levar um tempinho para regularizar tudo. Acompanhe a gente para saber mais novidades sobre o assunto!<\/p>\n<p><img loading=\"lazy\" class=\"alignnone wp-image-3153 size-full\" title=\"Fique por dentro das novidades que desembarcaram na Hair Brasil 2014\" src=\"https:\/\/www.ilhadabeleza.com.br\/blog\/wp-content\/uploads\/2014\/04\/ghair.png\" alt=\"Fique por dentro das novidades que desembarcaram na Hair Brasil 2014\" width=\"650\" height=\"400\" srcset=\"https:\/\/www.ilhadabeleza.com.br\/blog\/wp-content\/uploads\/2014\/04\/ghair.png 650w, https:\/\/www.ilhadabeleza.com.br\/blog\/wp-content\/uploads\/2014\/04\/ghair-300x185.png 300w\" sizes=\"(max-width: 650px) 100vw, 650px\" \/><\/p>\n<p>Outra marca brasileira com lan\u00e7amento de produto para <strong>cabelos loiros e descoloridos<\/strong> \u00e9 a <strong>K.Pro<\/strong>. Seu grande destaque na feira foi a <strong>Special Blond Masque<\/strong>, uma m\u00e1scada de tratamento que recupera os fios dos danos causados pela descolora\u00e7\u00e3o.\u00a0Sua f\u00f3rmula nutre e hidrata o cabelo. O resultado s\u00e3o fios saud\u00e1veis, recuperados e com o tom amarelo neutralizado.<\/p>\n<p>O <strong>Revlon Uniq One<\/strong>\u00a0tamb\u00e9m abalou a Hair Brasil com o pr\u00e9-lan\u00e7amento de um <strong>shampoo condicionante<\/strong>\u00a0com 10 benef\u00edcios. Mas foi s\u00f3 para deixar com vontade mesmo: o produto come\u00e7a a ser vendido s\u00f3 no segundo semestre. A marca recomenda, para resultados ainda mais fant\u00e1sticos, usar em conjunto com o <strong>BB Cream Uniq One,<\/strong> \u00e9 claro. Estamos loucas para testar!<\/p>\n<p><img loading=\"lazy\" class=\"alignnone wp-image-3158 size-full\" title=\"Fique por dentro das novidades que desembarcaram na Hair Brasil 2014\" src=\"https:\/\/www.ilhadabeleza.com.br\/blog\/wp-content\/uploads\/2014\/04\/uniqone.png\" alt=\"Fique por dentro das novidades que desembarcaram na Hair Brasil 2014\" width=\"650\" height=\"400\" srcset=\"https:\/\/www.ilhadabeleza.com.br\/blog\/wp-content\/uploads\/2014\/04\/uniqone.png 650w, https:\/\/www.ilhadabeleza.com.br\/blog\/wp-content\/uploads\/2014\/04\/uniqone-300x185.png 300w\" sizes=\"(max-width: 650px) 100vw, 650px\" \/><\/p>\n<p>E por falar em BB Cream, a <strong>Y-Kas<\/strong>, marca brasileir\u00edssima, resolveu apostar pesado no <strong>Fabulous<\/strong>, um tratamento capilar tudo em um que nutre e protege os fios contra o calor, previne pontas duplas, controla o volume, d\u00e1 muito brilho, enfim! Oferece todos os cuidados que o seu cabelo precisa. Vale a pena experimentar!<\/p>\n<p><img loading=\"lazy\" class=\"alignnone wp-image-3145 size-full\" title=\"Fique por dentro das novidades que desembarcaram na Hair Brasil 2014\" src=\"https:\/\/www.ilhadabeleza.com.br\/blog\/wp-content\/uploads\/2014\/04\/fabulous.png\" alt=\"Fique por dentro das novidades que desembarcaram na Hair Brasil 2014\" width=\"650\" height=\"400\" srcset=\"https:\/\/www.ilhadabeleza.com.br\/blog\/wp-content\/uploads\/2014\/04\/fabulous.png 650w, https:\/\/www.ilhadabeleza.com.br\/blog\/wp-content\/uploads\/2014\/04\/fabulous-300x185.png 300w\" sizes=\"(max-width: 650px) 100vw, 650px\" \/><\/p>\n<p>A <strong>Schwarzkopf<\/strong> aproveitou o evento para divulgar sua nova linha de performance de <strong>finaliza\u00e7\u00e3o de passarela<\/strong>, a <strong>OSIS+ Session Label<\/strong>. Com a embalagem toda preta e super fina, os produtos garantem uma secagem ultra r\u00e1pida e a textura perfeita para os cabelos. A parte chata \u00e9 que os produtos ser\u00e3o vendidos apenas para sal\u00f5es de beleza.<\/p>\n<p><img loading=\"lazy\" class=\"alignnone wp-image-3146 size-full\" title=\"Fique por dentro das novidades que desembarcaram na Hair Brasil 2014\" src=\"https:\/\/www.ilhadabeleza.com.br\/blog\/wp-content\/uploads\/2014\/04\/OSIS.png\" alt=\"Fique por dentro das novidades que desembarcaram na Hair Brasil 2014\" width=\"650\" height=\"400\" srcset=\"https:\/\/www.ilhadabeleza.com.br\/blog\/wp-content\/uploads\/2014\/04\/OSIS.png 650w, https:\/\/www.ilhadabeleza.com.br\/blog\/wp-content\/uploads\/2014\/04\/OSIS-300x185.png 300w\" sizes=\"(max-width: 650px) 100vw, 650px\" \/><\/p>\n<p>A <strong>Senscience<\/strong> divulgou seu <strong>calend\u00e1rio de cursos<\/strong> para 2014, que v\u00e3o desde corte e colora\u00e7\u00e3o, at\u00e9 gerenciamento de sal\u00f5es. Ou seja: tudo o que voc\u00ea precisa para ter seu pr\u00f3prio neg\u00f3cio. Fique de olho que vamos postar todas as datas e investimentos para voc\u00ea n\u00e3o perder nada!<\/p>\n<p>Ufa! \u00c9 isso ai, mulherada! Espero que tenham gostado do post. Quem ai foi na Hair Brasil e tem experi\u00eancias para contar? Deixe um coment\u00e1rio aqui em baixo.<\/p>\n","protected":false},"excerpt":{"rendered":"<p>Nos dias 12 a 15 de abril, S\u00e3o Paulo sediou uma das mais importantes feiras de cosm\u00e9ticos da Am\u00e9rica-Latina, a Hair Brasil. Com p\u00fablico estimado de 100 mil pessoas, o evento ocupou todo o Expo Center Norte, trazendo algumas das melhores marcas da ind\u00fastria de cabelos, est\u00e9tica, unhas e beleza. Segundo Jeferson Santos, diretor geral [&hellip;]<\/p>\n","protected":false},"author":2,"featured_media":0,"comment_status":"closed","ping_status":"open","sticky":false,"template":"","format":"standard","meta":[],"categories":[29],"tags":[78,261,380,435,473,474,510,542,682,730,820,829,833,858,938,966],"_links":{"self":[{"href":"https:\/\/www.ilhadabeleza.com.br\/blog\/wp-json\/wp\/v2\/posts\/3141"}],"collection":[{"href":"https:\/\/www.ilhadabeleza.com.br\/blog\/wp-json\/wp\/v2\/posts"}],"about":[{"href":"https:\/\/www.ilhadabeleza.com.br\/blog\/wp-json\/wp\/v2\/types\/post"}],"author":[{"embeddable":true,"href":"https:\/\/www.ilhadabeleza.com.br\/blog\/wp-json\/wp\/v2\/users\/2"}],"replies":[{"embeddable":true,"href":"https:\/\/www.ilhadabeleza.com.br\/blog\/wp-json\/wp\/v2\/comments?post=3141"}],"version-history":[{"count":2,"href":"https:\/\/www.ilhadabeleza.com.br\/blog\/wp-json\/wp\/v2\/posts\/3141\/revisions"}],"predecessor-version":[{"id":6214,"href":"https:\/\/www.ilhadabeleza.com.br\/blog\/wp-json\/wp\/v2\/posts\/3141\/revisions\/6214"}],"wp:attachment":[{"href":"https:\/\/www.ilhadabeleza.com.br\/blog\/wp-json\/wp\/v2\/media?parent=3141"}],"wp:term":[{"taxonomy":"category","embeddable":true,"href":"https:\/\/www.ilhadabeleza.com.br\/blog\/wp-json\/wp\/v2\/categories?post=3141"},{"taxonomy":"post_tag","embeddable":true,"href":"https:\/\/www.ilhadabeleza.com.br\/blog\/wp-json\/wp\/v2\/tags?post=3141"}],"curies":[{"name":"wp","href":"https:\/\/api.w.org\/{rel}","templated":true}]}}