{"id":3886,"date":"2014-09-09T09:00:48","date_gmt":"2014-09-09T09:00:48","guid":{"rendered":"http:\/\/www.ilhadabeleza.com.br\/blog\/?p=3886"},"modified":"2021-04-16T12:30:40","modified_gmt":"2021-04-16T15:30:40","slug":"fique-por-dentro-das-novidades-que-marcaram-os-quatro-dias-da-beauty-fair-2014","status":"publish","type":"post","link":"https:\/\/www.ilhadabeleza.com.br\/blog\/fique-por-dentro-das-novidades-que-marcaram-os-quatro-dias-da-beauty-fair-2014\/","title":{"rendered":"Fique por dentro das novidades que marcaram os quatro dias da Beauty Fair 2014"},"content":{"rendered":"<p><img loading=\"lazy\" class=\"alignnone size-full wp-image-3903\" src=\"http:\/\/br726.teste.website\/~ilhad581\/blog\/wp-content\/uploads\/2014\/09\/capa-1.png\" alt=\"capa\" width=\"650\" height=\"450\" \/><\/p>\n<p>Entre 6 e 9 de setembro, S\u00e3o Paulo foi a capital da beleza. A 10\u00aa<strong> Beauty Fair<\/strong> desembarcou por aqui cheia de lan\u00e7amentos e oportunidades de neg\u00f3cio. Foram quatro dias intensos, com mais de 100 congressos, 500 expositores e 145 mil profissionais do Brasil e do exterior. N\u00e3o \u00e9 por acaso que o evento \u00e9 considerado o maior do setor das Am\u00e9ricas e o segundo maior do mundo.<\/p>\n<h5><strong>Lan\u00e7amentos que n\u00e3o podem faltar na sua n\u00e9cessaire<\/strong><\/h5>\n<h5><strong>Cadiveu<\/strong><\/h5>\n<p>Mantendo a tradi\u00e7\u00e3o de sempre trazer novidades para o p\u00fablico, a Cadiveu foi destaque tamb\u00e9m na Beauty Fair 2014. Ap\u00f3s o sucesso do <a href=\"http:\/\/www.ilhadabeleza.com.br\/blog\/detox-capilar-cadiveu6-beneficios-em-3-passos\/\" target=\"_blank\" rel=\"noopener\"><strong>Detox Capilar<\/strong><\/a>, veja as novas linhas que prometem chacoalhar o mercado e entrar para sua wish list:<\/p>\n<p><strong><em>Platinum<\/em><\/strong><br \/>\nA solu\u00e7\u00e3o ideal para platinar os loiros, gra\u00e7as a sua exclusiva tecnologia High Tech Green, com a\u00e7\u00e3o matizadora e anti-frizz, que promete deixar o cabel\u00f3n com muita maciez, brilho e movimento.<\/p>\n<p><em><strong>A\u00e7a\u00ed Oil<\/strong><\/em><br \/>\nDesenvolvida especialmente para cabelos indisciplinados e com frizz, a linha Cadiveu A\u00e7a\u00ed Oil cont\u00e9m col\u00e1geno marinho e \u00f3leo de a\u00e7a\u00ed, que contralam o volume e o frizz, al\u00e9m de proporcionar nutri\u00e7\u00e3o, hidrata\u00e7\u00e3o, maciez e brilho incompar\u00e1vel.<\/p>\n<p><img loading=\"lazy\" class=\"alignnone size-full wp-image-3891\" src=\"http:\/\/www.ilhadabeleza.com.br\/blog\/wp-content\/uploads\/2014\/09\/lan\u00e7amento_cadiveu.png\" alt=\"lan\u00e7amento_cadiveu\" width=\"650\" height=\"450\" \/><\/p>\n<h5><strong>Inoar<\/strong><\/h5>\n<p>Para quem n\u00e3o abre m\u00e3o de um cabelo liso todo dia, agora \u00e9 oficial: as linhas GHair, Marroquina e Pl\u00e1stica Capilar t\u00eam marca pr\u00f3pria e n\u00e3o levar\u00e3o mais o logo da Inoar. A transi\u00e7\u00e3o j\u00e1 est\u00e1 acontecendo, e os produtos est\u00e3o em stand pr\u00f3prio. Ou seja: as embalagens est\u00e3o mudando e ainda vai levar um tempinho para regularizar tudo. Acompanhe a gente para saber mais novidades sobre o assunto!<\/p>\n<p><img loading=\"lazy\" class=\"alignnone size-full wp-image-3894\" src=\"http:\/\/www.ilhadabeleza.com.br\/blog\/wp-content\/uploads\/2014\/09\/lan\u00e7amento_ghair.png\" alt=\"lan\u00e7amento_ghair\" width=\"650\" height=\"450\" \/><\/p>\n<h5><strong>VitaDerm<\/strong><\/h5>\n<p>Outra que tamb\u00e9m trouxe novidades foi a VitaDerm. Com linhas de manuten\u00e7\u00e3o para cabelos cacheados, lisos, controle de oleosidade, nutri\u00e7\u00e3o e p\u00f3s-qu\u00edmica, a marca promote atender as necessecidades de todos os tipos de cabelo. Para comprar, \u00e9 s\u00f3 <strong>clicar aqui<\/strong>.<\/p>\n<p><img loading=\"lazy\" class=\"alignnone size-full wp-image-3890\" src=\"http:\/\/www.ilhadabeleza.com.br\/blog\/wp-content\/uploads\/2014\/09\/lan\u00e7amento_vitaderm.png\" alt=\"lan\u00e7amento_vitaderm\" width=\"650\" height=\"450\" \/><\/p>\n<h5><strong>Sweet<\/strong><\/h5>\n<p>A Sweet foi outra marca que tamb\u00e9m trouxe uma s\u00e9rie de lan\u00e7amentos para a Beauty Fair. Com um visual super despojado e colorido, a empresa lan\u00e7ou kits de tratamento p\u00f3s-alizamento, matizadores, multi-nutri\u00e7\u00e3o e reconstru\u00e7\u00e3o capilar. Al\u00e9m disso, desenvolver c\u00e1psulas multi-vitam\u00ednicas que prometem aumentar a resist\u00eancia dos fios. Legal, n\u00e9?<\/p>\n<p><img loading=\"lazy\" class=\"alignnone size-full wp-image-3892\" src=\"http:\/\/www.ilhadabeleza.com.br\/blog\/wp-content\/uploads\/2014\/09\/lan\u00e7amento_sweet.png\" alt=\"lan\u00e7amento_sweet\" width=\"650\" height=\"450\" \/><\/p>\n<h5><strong>Bonacure<\/strong><\/h5>\n<p>A Bonacure Schwarzkopf trouxe um novo conceito para seus produtos. Al\u00e9m da embalagem moderninha, sua f\u00f3rmula tamb\u00e9m mudou. Agora conta com a exclusiva tecnologia C18 Cell Perfector, que recria as cadeias de carbono do cabelo, deixando recuperando a sa\u00fade natural dos fios.<\/p>\n<p><img loading=\"lazy\" class=\"alignnone size-full wp-image-3895\" src=\"http:\/\/www.ilhadabeleza.com.br\/blog\/wp-content\/uploads\/2014\/09\/lan\u00e7amento_bonacure2.png\" alt=\"lan\u00e7amento_bonacure2\" width=\"650\" height=\"450\" \/><\/p>\n<p>\u00c9 isso ai, mulherada! Quem ai foi na \u00a0Beauty Fair e tem experi\u00eancias para contar? Est\u00e3o ansiosas por algum lan\u00e7amento? Deixe um coment\u00e1rio aqui em baixo.&#x2665;<\/p>\n","protected":false},"excerpt":{"rendered":"<p>Entre 6 e 9 de setembro, S\u00e3o Paulo foi a capital da beleza. A 10\u00aa Beauty Fair desembarcou por aqui cheia de lan\u00e7amentos e oportunidades de neg\u00f3cio. <\/p>\n","protected":false},"author":2,"featured_media":3999,"comment_status":"closed","ping_status":"open","sticky":false,"template":"","format":"standard","meta":[],"categories":[29],"tags":[75,137,161,166,261,443,510,543,645,873,953],"_links":{"self":[{"href":"https:\/\/www.ilhadabeleza.com.br\/blog\/wp-json\/wp\/v2\/posts\/3886"}],"collection":[{"href":"https:\/\/www.ilhadabeleza.com.br\/blog\/wp-json\/wp\/v2\/posts"}],"about":[{"href":"https:\/\/www.ilhadabeleza.com.br\/blog\/wp-json\/wp\/v2\/types\/post"}],"author":[{"embeddable":true,"href":"https:\/\/www.ilhadabeleza.com.br\/blog\/wp-json\/wp\/v2\/users\/2"}],"replies":[{"embeddable":true,"href":"https:\/\/www.ilhadabeleza.com.br\/blog\/wp-json\/wp\/v2\/comments?post=3886"}],"version-history":[{"count":2,"href":"https:\/\/www.ilhadabeleza.com.br\/blog\/wp-json\/wp\/v2\/posts\/3886\/revisions"}],"predecessor-version":[{"id":6180,"href":"https:\/\/www.ilhadabeleza.com.br\/blog\/wp-json\/wp\/v2\/posts\/3886\/revisions\/6180"}],"wp:featuredmedia":[{"embeddable":true,"href":"https:\/\/www.ilhadabeleza.com.br\/blog\/wp-json\/wp\/v2\/media\/3999"}],"wp:attachment":[{"href":"https:\/\/www.ilhadabeleza.com.br\/blog\/wp-json\/wp\/v2\/media?parent=3886"}],"wp:term":[{"taxonomy":"category","embeddable":true,"href":"https:\/\/www.ilhadabeleza.com.br\/blog\/wp-json\/wp\/v2\/categories?post=3886"},{"taxonomy":"post_tag","embeddable":true,"href":"https:\/\/www.ilhadabeleza.com.br\/blog\/wp-json\/wp\/v2\/tags?post=3886"}],"curies":[{"name":"wp","href":"https:\/\/api.w.org\/{rel}","templated":true}]}}