{"id":3921,"date":"2014-09-22T14:42:46","date_gmt":"2014-09-22T14:42:46","guid":{"rendered":"http:\/\/www.ilhadabeleza.com.br\/blog\/?p=3921"},"modified":"2021-04-16T12:42:01","modified_gmt":"2021-04-16T15:42:01","slug":"igora-royal-tudo-o-que-voce-sempre-quis-saber-sobre-a-coloracao-profissional-da-schwarzkopf","status":"publish","type":"post","link":"https:\/\/www.ilhadabeleza.com.br\/blog\/igora-royal-tudo-o-que-voce-sempre-quis-saber-sobre-a-coloracao-profissional-da-schwarzkopf\/","title":{"rendered":"IGORA Royal: tudo o que voc\u00ea sempre quis saber sobre a colora\u00e7\u00e3o da Schwarzkopf"},"content":{"rendered":"<p><img loading=\"lazy\" class=\"alignnone size-full wp-image-3922\" src=\"http:\/\/br726.teste.website\/~ilhad581\/blog\/wp-content\/uploads\/2014\/09\/capa1-1.png\" alt=\"capa\" width=\"650\" height=\"300\" \/><\/p>\n<p>Quem n\u00e3o se lembra da musa da Copa, a gat\u00edssima <b>Fernanda Lima<\/b>? Pois \u00e9, a top virou sensa\u00e7\u00e3o do mundial e seu cabelo loiro surfista se tornou um dos mais pedidos nos sal\u00f5es de todo Brasil. Anote ai a receita para o sucesso: desenvolvida pelo finland\u00eas <b>Juha Antero<\/b>, a cor \u00e9 o resultado da mistura de tr\u00eas tonalidades da <b>IGORA Royal<\/b> &#8211; areia, iced platinum e loiro bege. Pronto, agora j\u00e1 d\u00e1 para copiar &#x2665;<\/p>\n<p>Para quem n\u00e3o sabe, a IGORA Royal \u00e9 a <b>linha de colora\u00e7\u00e3o da Schwarzkopf<\/b>, uma das mais usadas por profissionais no mundo inteiro h\u00e1 mais de 50 anos. Sempre buscando novas tend\u00eancias, a IGORA Royal \u00e9 conhecida no mercado como uma marca inovadora, criativa e super contempor\u00e2nea. Al\u00e9m disso, oferece uma cobertura impec\u00e1vel, <b>cores intensas<\/b> e um desempenho incr\u00edvel, mesmo em situa\u00e7\u00f5es desafiadora. Sua matriz de pigmento de alta tecnologia, penetra profundamente no fio e sela a cor com perfei\u00e7\u00e3o. O resultado \u00e9 uma colora\u00e7\u00e3o intensa de alta defini\u00e7\u00e3o.<\/p>\n<p><img loading=\"lazy\" class=\"alignnone size-full wp-image-3923\" src=\"http:\/\/br726.teste.website\/~ilhad581\/blog\/wp-content\/uploads\/2014\/09\/tecnologia-1.png\" alt=\"tecnologia\" width=\"650\" height=\"186\" \/><\/p>\n<h5><strong>Sistema de Numera\u00e7\u00e3o de Cor<\/strong><\/h5>\n<p>A linha oferece uma sele\u00e7\u00e3o de tons que v\u00e3o desde o natural ao fashion. E a melhor parte: todos os produtos IGORA Royal usam o mesmo <b>sistema num\u00e9rico<\/b>.<\/p>\n<ul>\n<li><b>N\u00famero antes do h\u00edfen<\/b> (<b>5<\/b>-88): indica o n\u00edvel de cor do tom. Mostra a base ideal sobre a qual aplicar o tom para atingir um resultado de cor fiel \u00e0 cartela.<\/li>\n<li><b>N\u00fameros ap\u00f3s o h\u00edfen<\/b> (5-<b>88<\/b>): o primeiro mostra a dire\u00e7\u00e3o da cor principal. O segundo, mostra a dire\u00e7\u00e3o da cor secund\u00e1ria. <b>Dois n\u00fameros iguais ap\u00f3s o h\u00edfen indicam uma cor intensa<\/b>.<\/li>\n<\/ul>\n<p><img loading=\"lazy\" class=\"alignnone size-full wp-image-3924\" src=\"http:\/\/www.ilhadabeleza.com.br\/blog\/wp-content\/uploads\/2014\/09\/Sistema-de-numera\u00e7\u00e3o-de-cor.png\" alt=\"Sistema-de-numera\u00e7\u00e3o-de-cor\" width=\"650\" height=\"338\" \/><\/p>\n<h5><strong>Entendendo a Colora\u00e7\u00e3o<\/strong><\/h5>\n<p>A <b>propor\u00e7\u00e3o de mistura<\/b> \u00e9 1:1. Mas, o que isso significa?<br \/>\nPara cada 60g de <b>IGORA Royal Colora\u00e7\u00e3o em Creme<\/b>, voc\u00ea deve acrescer 60g da <b>IGORA Royal Lo\u00e7\u00e3o Ativadora<\/b>.<\/p>\n<p><b>Dica<\/b>: se voc\u00ea for usar os tons clareadores especiais (S\u00e9rie 12), a propor\u00e7\u00e3o da mistura \u00e9 1:2, ou seja, para cada 60g da Colora\u00e7\u00e3o em Creme, voc\u00ea deve acrescer 120g da Lo\u00e7\u00e3o Ativadora.<\/p>\n<p><img loading=\"lazy\" class=\"alignnone size-full wp-image-3925\" src=\"http:\/\/br726.teste.website\/~ilhad581\/blog\/wp-content\/uploads\/2014\/09\/proporcao_mistura-1.png\" alt=\"proporcao_mistura\" width=\"650\" height=\"370\" \/><\/p>\n<h5><strong>Uso da Lo\u00e7\u00e3o Ativadora<\/strong><\/h5>\n<p>Quanto maior a volumagem da Lo\u00e7\u00e3o Ativadora, mais tons voc\u00ea vai clarear. Normalmente, quanto maior a diferen\u00e7a da cor entre o tom natural do seu cabelo e o da colora\u00e7\u00e3o, maior dever\u00e1 ser a volumagem da Lo\u00e7\u00e3o Ativadora. Para facilitar as continhas, temos outra tabela para voc\u00ea! &#x2665;<\/p>\n<p><img loading=\"lazy\" class=\"alignnone size-full wp-image-3926\" src=\"http:\/\/www.ilhadabeleza.com.br\/blog\/wp-content\/uploads\/2014\/09\/tabela_lo\u00e7ao_reveladora.png\" alt=\"tabela_lo\u00e7ao_reveladora\" width=\"650\" height=\"251\" \/><\/p>\n<p>Vale lembrar que a <b>IGORA Royal<\/b> \u00e9 uma colora\u00e7\u00e3o de <b>uso profissional<\/b>. Para atingir o resultado que voc\u00ea deseja, de forma segura e eficiente, procure um bom colorista em um sal\u00e3o de beleza. =)<\/p>\n<p>E ai, quem usa a IGORA Royal? Qual a sua cor preferida? Deixe seu coment\u00e1rio aqui embaixo!<\/p>\n<p>Quer comprar? Ent\u00e3o acesse o site da <strong>Ilha da Beleza<\/strong>\u00a0&#x2665;<\/p>\n","protected":false},"excerpt":{"rendered":"<p>Um guia completo para voc\u00ea tirar suas d\u00favidas e entender melhor como usar uma das colora\u00e7\u00f5es mais badaladas do universo da moda<\/p>\n","protected":false},"author":2,"featured_media":3998,"comment_status":"closed","ping_status":"open","sticky":false,"template":"","format":"standard","meta":[],"categories":[14,28,34,45],"tags":[304,446,502,503,514,563,649,820,893],"_links":{"self":[{"href":"https:\/\/www.ilhadabeleza.com.br\/blog\/wp-json\/wp\/v2\/posts\/3921"}],"collection":[{"href":"https:\/\/www.ilhadabeleza.com.br\/blog\/wp-json\/wp\/v2\/posts"}],"about":[{"href":"https:\/\/www.ilhadabeleza.com.br\/blog\/wp-json\/wp\/v2\/types\/post"}],"author":[{"embeddable":true,"href":"https:\/\/www.ilhadabeleza.com.br\/blog\/wp-json\/wp\/v2\/users\/2"}],"replies":[{"embeddable":true,"href":"https:\/\/www.ilhadabeleza.com.br\/blog\/wp-json\/wp\/v2\/comments?post=3921"}],"version-history":[{"count":2,"href":"https:\/\/www.ilhadabeleza.com.br\/blog\/wp-json\/wp\/v2\/posts\/3921\/revisions"}],"predecessor-version":[{"id":6168,"href":"https:\/\/www.ilhadabeleza.com.br\/blog\/wp-json\/wp\/v2\/posts\/3921\/revisions\/6168"}],"wp:featuredmedia":[{"embeddable":true,"href":"https:\/\/www.ilhadabeleza.com.br\/blog\/wp-json\/wp\/v2\/media\/3998"}],"wp:attachment":[{"href":"https:\/\/www.ilhadabeleza.com.br\/blog\/wp-json\/wp\/v2\/media?parent=3921"}],"wp:term":[{"taxonomy":"category","embeddable":true,"href":"https:\/\/www.ilhadabeleza.com.br\/blog\/wp-json\/wp\/v2\/categories?post=3921"},{"taxonomy":"post_tag","embeddable":true,"href":"https:\/\/www.ilhadabeleza.com.br\/blog\/wp-json\/wp\/v2\/tags?post=3921"}],"curies":[{"name":"wp","href":"https:\/\/api.w.org\/{rel}","templated":true}]}}