{"id":4486,"date":"2015-04-01T10:00:44","date_gmt":"2015-04-01T10:00:44","guid":{"rendered":"http:\/\/www.ilhadabeleza.com.br\/blog\/?p=4486"},"modified":"2021-04-15T15:27:19","modified_gmt":"2021-04-15T18:27:19","slug":"cadiveu-hair-remedy-reparacao-de-80-dos-danos-capilares-na-primeira-aplicacao","status":"publish","type":"post","link":"https:\/\/www.ilhadabeleza.com.br\/blog\/cadiveu-hair-remedy-reparacao-de-80-dos-danos-capilares-na-primeira-aplicacao\/","title":{"rendered":"Cadiveu Hair Remedy: repara\u00e7\u00e3o de 80% dos danos capilares na primeira aplica\u00e7\u00e3o"},"content":{"rendered":"<p><img loading=\"lazy\" class=\"alignnone wp-image-4491 size-full\" title=\"Cadiveu Hair Remedy: repara\u00e7\u00e3o de 80% dos danos capilares na primeira aplica\u00e7\u00e3o\" src=\"https:\/\/www.ilhadabeleza.com.br\/blog\/wp-content\/uploads\/2015\/03\/hair_remedy.png\" alt=\"Cadiveu Hair Remedy: repara\u00e7\u00e3o de 80% dos danos capilares na primeira aplica\u00e7\u00e3o\" width=\"650\" height=\"400\" srcset=\"https:\/\/www.ilhadabeleza.com.br\/blog\/wp-content\/uploads\/2015\/03\/hair_remedy.png 650w, https:\/\/www.ilhadabeleza.com.br\/blog\/wp-content\/uploads\/2015\/03\/hair_remedy-300x185.png 300w\" sizes=\"(max-width: 650px) 100vw, 650px\" \/><\/p>\n<p>Compre aqui: <a href=\"https:\/\/www.ilhadabeleza.com.br\/marcas\/cadiveu\/hair-remedy-cat.html\" target=\"_blank\" rel=\"noopener\"><strong>Cadiveu Hair Remedy<\/strong><\/a><\/p>\n<p>Quem n\u00e3o ama um super lan\u00e7amento, n\u00e9 meninas?\u00a0Especialmente quando \u00e9 de uma parceria t\u00e3o querida, como \u00e9 o caso da <b>Cadiveu Professional <\/b>e <b>Camila Coelho!<\/b>\u00a0&#x2665; A maioria das brasileiras A-DO-RA um secador e uma chapinha, alisa os cabelos e n\u00e3o abre m\u00e3o de fazer colora\u00e7\u00e3o\/descolora\u00e7\u00e3o. Mas todos esses procedimentos danificam os cabelos, retiram nutrientes dos fios e deixam as cut\u00edculas sens\u00edveis. A consequ\u00eancia s\u00e3o madeixas sem movimento, ressecadas, opacas, porosas e com pontas duplas. U\u00f3!<\/p>\n<h5><strong>O que \u00e9<\/strong><\/h5>\n<p>Pensando em nosso drama capilar, a marca desenvolveu a linha <a href=\"https:\/\/www.ilhadabeleza.com.br\/marcas\/cadiveu\/hair-remedy-cat.html\" target=\"_blank\" rel=\"noopener\"><b>Hair Remedy<\/b><\/a>, com o objetivo de trazer <b>a cura para os cabelos danificados<\/b>. O sistema oferece um tratamento completo da cut\u00edcula ao c\u00f3rtex, que devolve for\u00e7a e vitalidade aos fios, <b>recuperando os danos em at\u00e9 80%.<\/b><\/p>\n<h5><strong>Tecnologia High Tech Green<\/strong><\/h5>\n<p>A linha <b>Cadiveu Hair Remedy <\/b>foi formulada com a tecnologia <b>3D Maxx Injection<\/b>, composta pelo \u00d3leo de Patau\u00e1 e Biopol\u00edmeros, que s\u00e3o depositados gradualmente no fio, garantindo que o cabelo absorva apenas os nutrientes que necessita, sem sobrecarrega-lo.<\/p>\n<h5><strong>Benef\u00edcios<\/strong><\/h5>\n<p style=\"padding-left: 30px;\"><b>\u00d3leo de Patau\u00e1<br \/>\n<\/b>Extra\u00eddo de uma fruta da palmeira de mesmo nome t\u00edpica da regi\u00e3o da Amaz\u00f4nia, o \u00d3leo de Patau\u00e1 \u00e9 rico em gorduras mono e poliinsaturadas, muito superior a qualquer outra fonte vegetal. Rico em \u00e1cidos graxos essenciais (\u00f4mega 3 e 6),\u00a0<b>restaura a elasticidade, elimina a porosidade das cut\u00edculas e sela a fibra capilar<\/b>, criando uma barreira protetora.<\/p>\n<p style=\"padding-left: 30px;\"><b>Biopol\u00edmeros<br \/>\n<\/b>S\u00e3o os respons\u00e1veis pela <b>repara\u00e7\u00e3o intensa <\/b>da fibra capilar, desde o c\u00f3rtex, al\u00e9m de previnir contra futuras agress\u00f5es.<\/p>\n<p>Ficou curiosa?\u00a0Confira o passo-a-passo <strong><a href=\"http:\/\/www.ilhadabeleza.com.br\/blog\/passo-a-passo-cadiveu-hair-remedy-shot\/\">Hair Remedy Shot<\/a>!<br \/>\n<\/strong>Para comprar, \u00e9 s\u00f3<strong><a href=\"https:\/\/www.ilhadabeleza.com.br\/marcas\/cadiveu\/hair-remedy-cat.html\" target=\"_blank\" rel=\"noopener\"> clicar aqui.<\/a>\u00a0<\/strong><\/p>\n","protected":false},"excerpt":{"rendered":"<p>Novidade quentinha, diretamente da Hair Brasil 2015, a linha tem como embaixadora a top blogger Camila Coelho. <\/p>\n","protected":false},"author":2,"featured_media":4533,"comment_status":"closed","ping_status":"open","sticky":false,"template":"","format":"standard","meta":[],"categories":[19,34],"tags":[261,264,350,473,475,476,646,849,923],"_links":{"self":[{"href":"https:\/\/www.ilhadabeleza.com.br\/blog\/wp-json\/wp\/v2\/posts\/4486"}],"collection":[{"href":"https:\/\/www.ilhadabeleza.com.br\/blog\/wp-json\/wp\/v2\/posts"}],"about":[{"href":"https:\/\/www.ilhadabeleza.com.br\/blog\/wp-json\/wp\/v2\/types\/post"}],"author":[{"embeddable":true,"href":"https:\/\/www.ilhadabeleza.com.br\/blog\/wp-json\/wp\/v2\/users\/2"}],"replies":[{"embeddable":true,"href":"https:\/\/www.ilhadabeleza.com.br\/blog\/wp-json\/wp\/v2\/comments?post=4486"}],"version-history":[{"count":2,"href":"https:\/\/www.ilhadabeleza.com.br\/blog\/wp-json\/wp\/v2\/posts\/4486\/revisions"}],"predecessor-version":[{"id":6126,"href":"https:\/\/www.ilhadabeleza.com.br\/blog\/wp-json\/wp\/v2\/posts\/4486\/revisions\/6126"}],"wp:featuredmedia":[{"embeddable":true,"href":"https:\/\/www.ilhadabeleza.com.br\/blog\/wp-json\/wp\/v2\/media\/4533"}],"wp:attachment":[{"href":"https:\/\/www.ilhadabeleza.com.br\/blog\/wp-json\/wp\/v2\/media?parent=4486"}],"wp:term":[{"taxonomy":"category","embeddable":true,"href":"https:\/\/www.ilhadabeleza.com.br\/blog\/wp-json\/wp\/v2\/categories?post=4486"},{"taxonomy":"post_tag","embeddable":true,"href":"https:\/\/www.ilhadabeleza.com.br\/blog\/wp-json\/wp\/v2\/tags?post=4486"}],"curies":[{"name":"wp","href":"https:\/\/api.w.org\/{rel}","templated":true}]}}