{"id":5452,"date":"2015-07-08T15:38:30","date_gmt":"2015-07-08T15:38:30","guid":{"rendered":"http:\/\/www.ilhadabeleza.com.br\/blog\/?p=4774"},"modified":"2021-04-15T12:54:54","modified_gmt":"2021-04-15T15:54:54","slug":"faq-serioxyl-tudo-o-que-voce-queria-saber-sobre-o-tratamento-para-cabelos-finos-e-sem-volume-da-loreal-2","status":"publish","type":"post","link":"https:\/\/www.ilhadabeleza.com.br\/blog\/faq-serioxyl-tudo-o-que-voce-queria-saber-sobre-o-tratamento-para-cabelos-finos-e-sem-volume-da-loreal-2\/","title":{"rendered":"FAQ Serioxyl: o tratamento para cabelos finos e sem volume da L\u2019Or\u00e9al"},"content":{"rendered":"<p><img loading=\"lazy\" class=\"alignnone size-full wp-image-4777\" src=\"http:\/\/br726.teste.website\/~ilhad581\/blog\/wp-content\/uploads\/2015\/07\/capa-1.png\" alt=\"capa\" width=\"650\" height=\"450\" \/><\/p>\n<p>Cabelos finos s\u00e3o dif\u00edceis de estilizar e podem ser a causa de preocupa\u00e7\u00e3o e aborrecimento para muita gente. Pensando nisso, a L\u2019Or\u00e9al Professionnel criou a <strong>Serioxyl<\/strong>, uma linha exclusiva de produtos que deixam o <strong>cabelo mais volumoso e espesso<\/strong>.<\/p>\n<h5><strong>O que \u00e9 o L\u2019Or\u00e9al Serioxyl?<\/strong><\/h5>\n<p>Serioxyl \u00e9 uma nova linha da L\u2019Or\u00e9al Professionel para criar cabelos mais bonitos, grossos e volumosos.<\/p>\n<h5><strong>O que \u00e9 a tecnologia Serioxyl?<\/strong><\/h5>\n<p>A tecnologia Serioxyl \u00e9 resultado de 10 anos de pesquisa dos laborat\u00f3rios L\u2019Or\u00e9al Professionnel e cont\u00e9m os exclusivos Stemoxydin&#x2122;, Neohesperidin&#x2122;, Glucoboost&#x2122;, Incell&#x2122; e Intra-cylane.<\/p>\n<p>Sua f\u00f3rmula combate com efic\u00e1cia o afinamento capilar, despertando os fol\u00edculos adormecidos. Ap\u00f3s tr\u00eas meses de uso, a fibra ganha mais corpo e os fios crescem mais saud\u00e1veis.<\/p>\n<h5><strong>Posso combinar os produtos Serioxyl com outras linha da L\u2019Or\u00e9al Professional?<\/strong><\/h5>\n<p>Para otimizar o visual de cabelos mais volumosos e espessos, a marca recomenda que voc\u00ea use todos os produtos da linha Serioxyl. Mas, se voc\u00ea busca resultados diferentes ou deseja adicionar outro efeito ao cabelo, ent\u00e3o voc\u00ea pode usar outros produtos finalizadores em conjunto. Apenas assegure-se de que o Thicker Hair S\u00e9rum seja aplicado antes de outros produtos.<\/p>\n<p><img loading=\"lazy\" class=\"alignnone size-full wp-image-4778\" src=\"http:\/\/br726.teste.website\/~ilhad581\/blog\/wp-content\/uploads\/2015\/07\/produtos-1.png\" alt=\"produtos\" width=\"650\" height=\"450\" \/><br \/>\nCompre aqui: <strong>L&#8217;Or\u00e9al Serioxyl Fuller Hair Cabelos Finos<\/strong><\/p>\n<h5><strong>Posso aplicar o Serioxyl em gr\u00e1vidas?<\/strong><\/h5>\n<p>Sim. A seguran\u00e7a dos consumidores \u00e9 super importante para a L\u2019Or\u00e9al e o principal fator por traz de suas pesquisas e desenvolvimentos. Todos os produtos L\u2019Or\u00e9al est\u00e3o de acordo com normas europ\u00e9ias e internacionais para garantir um uso seguro e saud\u00e1vel. Por isso, a linha Serioxyl \u00e9 segura para ser usada em gr\u00e1vidas. Contudo, se voc\u00ea tem alguma d\u00favida, procure seu m\u00e9dico.<\/p>\n<h5><strong>Posso usar o Serioxyl no mesmo dia em que realizar um servi\u00e7o de descolora\u00e7\u00e3o?<\/strong><\/h5>\n<p>N\u00e3o. O Serioxyl n\u00e3o \u00e9 recomendado para ser utilizado no mesmo dia em que \u00e9 feito um servi\u00e7o de cor. Por se tratar de um servi\u00e7o de limpeza profunda para o couro cabeludo, recomendamos o uso do Serioxyl entre colora\u00e7\u00f5es.<\/p>\n<h5><strong>Como funcionam os produtos?<\/strong><\/h5>\n<p><b>Loreal Serioxyl Thickening Shampoo<\/b><br \/>\n\u00c9 um shampoo purificante, que limpa as impurezas, remove o excesso de oleosidade e os res\u00edduos do couro cabeludo, proporcionando uma sensa\u00e7\u00e3o de frescor intenso.<\/p>\n<p><b>Loreal Serioxyl Thickening Condicionador<\/b><br \/>\nCondicionador de volume, que trata a fibra capilar sem pesar, conferindo corpo ao fio.<\/p>\n<p><b>Loreal Serioxyl Aqua Mousse <\/b><br \/>\nTratamento para conferir corpo e volume imediato aos fios.<\/p>\n<p>Gostou? Voc\u00ea pode adquirir os produtos L&#8217;Or\u00e9al na <strong>Ilha da Beleza<\/strong>, basta <strong>clicar aqui<\/strong>.<br \/>\nDeixe seu coment\u00e1rio aqui embaixo!<\/p>\n","protected":false},"excerpt":{"rendered":"<p>Cabelos finos s\u00e3o dif\u00edceis de estilizar e podem ser a causa de preocupa\u00e7\u00e3o e aborrecimento para muita gente. Pensando nisso, a L\u2019Or\u00e9al Professionnel criou a Serioxyl, uma linha exclusiva de produtos que deixam o cabelo mais volumoso e espesso. O que \u00e9 o L\u2019Or\u00e9al Serioxyl? Serioxyl \u00e9 uma nova linha da L\u2019Or\u00e9al Professionel para criar [&hellip;]<\/p>\n","protected":false},"author":2,"featured_media":4789,"comment_status":"closed","ping_status":"open","sticky":false,"template":"","format":"standard","meta":[],"categories":[24,34,1],"tags":[231,253,573,574,831,911],"_links":{"self":[{"href":"https:\/\/www.ilhadabeleza.com.br\/blog\/wp-json\/wp\/v2\/posts\/5452"}],"collection":[{"href":"https:\/\/www.ilhadabeleza.com.br\/blog\/wp-json\/wp\/v2\/posts"}],"about":[{"href":"https:\/\/www.ilhadabeleza.com.br\/blog\/wp-json\/wp\/v2\/types\/post"}],"author":[{"embeddable":true,"href":"https:\/\/www.ilhadabeleza.com.br\/blog\/wp-json\/wp\/v2\/users\/2"}],"replies":[{"embeddable":true,"href":"https:\/\/www.ilhadabeleza.com.br\/blog\/wp-json\/wp\/v2\/comments?post=5452"}],"version-history":[{"count":2,"href":"https:\/\/www.ilhadabeleza.com.br\/blog\/wp-json\/wp\/v2\/posts\/5452\/revisions"}],"predecessor-version":[{"id":6111,"href":"https:\/\/www.ilhadabeleza.com.br\/blog\/wp-json\/wp\/v2\/posts\/5452\/revisions\/6111"}],"wp:featuredmedia":[{"embeddable":true,"href":"https:\/\/www.ilhadabeleza.com.br\/blog\/wp-json\/wp\/v2\/media\/4789"}],"wp:attachment":[{"href":"https:\/\/www.ilhadabeleza.com.br\/blog\/wp-json\/wp\/v2\/media?parent=5452"}],"wp:term":[{"taxonomy":"category","embeddable":true,"href":"https:\/\/www.ilhadabeleza.com.br\/blog\/wp-json\/wp\/v2\/categories?post=5452"},{"taxonomy":"post_tag","embeddable":true,"href":"https:\/\/www.ilhadabeleza.com.br\/blog\/wp-json\/wp\/v2\/tags?post=5452"}],"curies":[{"name":"wp","href":"https:\/\/api.w.org\/{rel}","templated":true}]}}