{"id":817,"date":"2013-04-30T17:25:26","date_gmt":"2013-04-30T17:25:26","guid":{"rendered":"http:\/\/www.ilhadabeleza.com.br\/blog\/?p=817"},"modified":"2021-05-03T11:34:52","modified_gmt":"2021-05-03T14:34:52","slug":"mamae-e-bebe-conheca-dez-dicas-para-deixar-o-banho-do-seu-filhote-ainda-mais-gostoso","status":"publish","type":"post","link":"https:\/\/www.ilhadabeleza.com.br\/blog\/mamae-e-bebe-conheca-dez-dicas-para-deixar-o-banho-do-seu-filhote-ainda-mais-gostoso\/","title":{"rendered":"Mam\u00e3e e beb\u00ea: dez dicas para deixar o banho do seu filhote ainda mais gostoso"},"content":{"rendered":"<h5><img loading=\"lazy\" class=\"alignnone wp-image-819 size-full\" title=\"Mam\u00e3e e beb\u00ea: dez dicas para deixar o banho do seu filhote ainda mais gostoso\" src=\"https:\/\/www.ilhadabeleza.com.br\/blog\/wp-content\/uploads\/2013\/04\/bebe_1.jpg\" alt=\"Mam\u00e3e e beb\u00ea: dez dicas para deixar o banho do seu filhote ainda mais gostoso\" width=\"650\" height=\"508\" srcset=\"https:\/\/www.ilhadabeleza.com.br\/blog\/wp-content\/uploads\/2013\/04\/bebe_1.jpg 650w, https:\/\/www.ilhadabeleza.com.br\/blog\/wp-content\/uploads\/2013\/04\/bebe_1-300x234.jpg 300w\" sizes=\"(max-width: 650px) 100vw, 650px\" \/><\/h5>\n<p>O banho do beb\u00ea \u00e9 sempre um acontecimento importante e, \u00e0s vezes, desafiador: limpar uma crian\u00e7a que n\u00e3o p\u00e1ra de se mexer ou chorar requer pr\u00e1tica. Mas fique tranquilo: cada dia ser\u00e1 mais f\u00e1cil.<\/p>\n<p>Pensando nos desafios que a tarefa requer, a <strong><a href=\"http:\/\/bebe.abril.com.br\/materia\/trinta-e-duas-perguntas-e-respostas-sobre-o-banho-do-bebe?pw=1\" target=\"_blank\" rel=\"noopener\">Revista Beb\u00ea<\/a><\/strong> juntou um time de especialistas para esclarecer as principais d\u00favidas sobre o assunto e o Blog da Ilha escolheu 10 dicas para fazer da hora do banho um momento divertido e descomplicado.<\/p>\n<h5><strong>1) Por que come\u00e7ar o banho lavando a cabe\u00e7a? O beb\u00ea n\u00e3o passar\u00e1 frio?<\/strong><\/h5>\n<p>O banho do beb\u00ea come\u00e7a pelos cabelos por uma quest\u00e3o de higiene. O couro cabeludo \u00e9 um dos lugares onde a sujeira mais gosta de ficar. Ao lav\u00e1-lo por \u00faltimo, ela passar\u00e1 pelo corpo do beb\u00ea, que j\u00e1 est\u00e1 limpo. Come\u00e7ando pelos cabelos, voc\u00ea n\u00e3o corre esse risco. Antigamente, era recomendado embrulhar o beb\u00ea em uma toalha, lavar o rosto e o cabelo e s\u00f3 depois coloc\u00e1-lo na banheira. Algumas maternidades e alguns especialistas notaram que isso \u00e9 muito trabalhoso, principalmente para os pais de primeira viagem. A sugest\u00e3o \u00e9 iniciar pela cabe\u00e7a, mas j\u00e1 com o beb\u00ea na banheira. Mantendo o local do banho aquecido &#8211; portas e janelas fechadas -, o beb\u00ea n\u00e3o passar\u00e1 frio. N\u00e3o demore para retir\u00e1-lo da banheira.<\/p>\n<h5><strong>2) \u00c9 preciso lavar a cabe\u00e7a do beb\u00ea todos os dias?<\/strong><\/h5>\n<p>Como os rec\u00e9m-nascidos ainda podem ter fragmentos do parto, sim, o indicado \u00e9 lavar todos os dias. Crostinhas que costumam aparecer no couro cabeludo tamb\u00e9m precisam ser eliminadas. Passe um pouco de \u00f3leo antes do banho para amolecer e ela sair\u00e1 na lavagem. Pode demorar alguns dias para sair tudo, \u00e9 normal. Depois do primeiro m\u00eas, em dias muito frios, voc\u00ea at\u00e9 pode deixar o cabelo fora do ritual. Mas apenas se observar que ele est\u00e1 limpo, sem restos de leite, comidinhas, pomada.<\/p>\n<h5><strong>3) Que tipo de sabonete usar?<\/strong><\/h5>\n<p>Os mais populares s\u00e3o os dois em um, espec\u00edficos para beb\u00eas, usados como sabonete e shampoo. Eles s\u00e3o suaves, t\u00eam cheiros deliciosos e s\u00e3o oferecidos por v\u00e1rias marcas de produtos infantis. Mas n\u00e3o s\u00e3o uma unanimidade. Os dermatologistas preferem os sabonetes neutros de glicerina, pois apresentam menos riscos de alergia. Voc\u00ea pode usar um ou outro para ver qual \u00e9 o melhor. Aten\u00e7\u00e3o: use apenas produtos espec\u00edficos para beb\u00eas. Continuar com o mesmo que foi usado na maternidade pode ser uma boa ideia. Afinal, seu filho j\u00e1 tomou, pelo menos, dois banhos com ele. Converse com as enfermeiras: se n\u00e3o ocorreu nenhuma alergia, v\u00e1 em frente.<\/p>\n<h5><strong>4) A partir de quando \u00e9 poss\u00edvel usar shampoo e condicionador?<\/strong><\/h5>\n<p>N\u00e3o h\u00e1 a necessidade de usar esses produtos em rec\u00e9m-nascidos. Os sabonetes espec\u00edficos para crian\u00e7as s\u00e3o capazes de higienizar de maneira correta o corpo e o cabelo do beb\u00ea. Nessa fase, quanto menos qu\u00edmica entrar em contato com ele, melhor. O shampoo pode ser usado depois dos 6 meses. Deve ser destinado ao p\u00fablico infantil, neutro e com o m\u00ednimo de corantes e perfumes. Use bem pouquinho. Condicionadores ficam para mais tarde, com cerca de 2 anos, quando o cabelo crescer e se realmente necessitar de um produto para deix\u00e1-lo mais male\u00e1vel. Outra op\u00e7\u00e3o, tamb\u00e9m para mais tarde, s\u00e3o os shampoos dois em um, que cont\u00eam uma quantidade de condicionador e, por isso, s\u00e3o uma \u00f3tima ideia para crian\u00e7as que n\u00e3o gostam de lavar a cabe\u00e7a &#8211; o ritual fica mais r\u00e1pido.<\/p>\n<h5><strong>5) Qual o perigo de usar produtos para adultos em beb\u00eas?<\/strong><\/h5>\n<p>Pele e cabelos de adultos e crian\u00e7as t\u00eam necessidades diferentes. O beb\u00ea ainda est\u00e1 em forma\u00e7\u00e3o e o adulto precisa de manuten\u00e7\u00e3o. Por isso, nossos produtos possuem mais qu\u00edmica em sua composi\u00e7\u00e3o, o que aumenta tremendamente o risco de alergias se uma crian\u00e7a usar. Sem falar que, ao compartilhar o mesmo creme com um adulto, ela pode entrar em contato com bact\u00e9rias e apresentar infec\u00e7\u00f5es. J\u00e1 os produtos infantis s\u00e3o feitos com mat\u00e9rias-primas seguras, hipoalerg\u00eanicas, e passam por testes dermatol\u00f3gicos. Procure sempre as vers\u00f5es de fabricantes conhecidos.<\/p>\n<h5><strong>6) At\u00e9 quando usar produtos de corpo e cabelo sem prejudicar a higiene do meu filho?<\/strong><\/h5>\n<p>Os sabonetes l\u00edquidos que atuam como shampoo, populares em maternidades e entre os pais de rec\u00e9m-nascidos, t\u00eam composi\u00e7\u00e3o perfeita para a pele do beb\u00ea: s\u00e3o suaves e com aromas delicados. Eles podem ser usados sempre, at\u00e9 por crian\u00e7as maiores quando a sujeira n\u00e3o \u00e9 excessiva. Depois dos 6 meses e dependendo da quantidade de cabelo que a crian\u00e7a possui, um shampoo feito com subst\u00e2ncias apropriadas para os fios pode dar mais conta do recado.<\/p>\n<h5><strong>7) \u00c9 melhor usar sabonete l\u00edquido ou em barra?<\/strong><\/h5>\n<p>O sabonete l\u00edquido \u00e9 melhor. A vers\u00e3o em barra possui mais subst\u00e2ncias qu\u00edmicas justamente para ele endurecer e ainda agregam mais conservantes e corantes. Como n\u00e3o precisam ficar s\u00f3lidos, os sabonetes l\u00edquidos levam menos qu\u00edmicas e ainda podem conter mais hidratantes e emolientes. Tamb\u00e9m possuem pH neutro, o que \u00e9 menos irritante para a pele sens\u00edvel do pequeno. Al\u00e9m disso, o sabonete em barra fica o tempo todo em contato direto com m\u00e3os, saboneteiras, prateleiras e banheira. As chances de serem contaminados s\u00e3o grandes. O l\u00edquido fica mais protegido dentro do frasco.<\/p>\n<h5><strong>8) \u00c9 permitido usar secador no cabelo do beb\u00ea?<\/strong><\/h5>\n<p>A tenta\u00e7\u00e3o de usar esse acess\u00f3rio quando o dia est\u00e1 frio \u00e9 muito grande. Seja para ajudar o ambiente a ficar mais aquecido &#8211; ele atua como um aquecedor -, seja para realmente secar o cabelo do beb\u00ea. Nem pense nisso antes dos 6 meses. O ar quente pode agredir a pele do seu filho e voc\u00ea nem notar\u00e1 isso. Depois, ele pode ser usado para secar o cabelo, sempre com a temperatura morna e a dist\u00e2ncia entre um e outro, maior do que 50 cent\u00edmetros. O processo precisa ser muito r\u00e1pido, apenas para tirar o excesso de \u00e1gua dos fios.<\/p>\n<h5><strong>9) Por que n\u00e3o devo usar talco?<\/strong><\/h5>\n<p>No passado, ele era praticamente o s\u00edmbolo da chegada de um beb\u00ea. O tempo mostrou que o talco \u00e9 um vil\u00e3o. Quando passamos no beb\u00ea, ele produz uma n\u00e9voa que \u00e9 aspirada pela crian\u00e7a e pode causar e piorar problemas respirat\u00f3rios e al\u00e9rgicos. Os pediatras pro\u00edbem terminantemente. Al\u00e9m disso, o talco resseca a pele. Se o objetivo \u00e9 deixar o beb\u00ea cheiroso, invista em um bom hidratante infantil ou em gotinhas de perfume na roupa dele.<\/p>\n<h5><strong> 10) Qual o melhor momento para o beb\u00ea tomar banho?<\/strong><\/h5>\n<p>O hor\u00e1rio em que os pais est\u00e3o mais dispon\u00edveis e descansados \u00e9 sempre o melhor. O banho \u00e9 um momento de intera\u00e7\u00e3o da fam\u00edlia, de grande prazer para o pequeno e at\u00e9 de checagem geral, j\u00e1 que voc\u00ea poder\u00e1 observar todo o seu corpinho. Precisa ser delicioso. Escolha uma hora calma, sem compromissos agendados. Isso vale para qualquer pessoa que v\u00e1 fazer a higiene, incluindo parentes, bab\u00e1s e empregadas. Deve-se tentar dar o banho no hor\u00e1rio mais quente do dia e por volta do meio-dia nas \u00e9pocas mais frias. Em outros meses, voc\u00ea escolhe. Deixar o banho para noite \u00e9 uma boa op\u00e7\u00e3o, j\u00e1 que o beb\u00ea se acalma e dorme tranquilo.<\/p>\n","protected":false},"excerpt":{"rendered":"<p>A hora do banho \u00e9 um momento de relaxamento e carinho excelente para estreitar os la\u00e7os afetivos com os pais. Conhe\u00e7a 10 dicas para deixar o banho do seu filhote ainda mais gostoso.<\/p>\n","protected":false},"author":2,"featured_media":950,"comment_status":"closed","ping_status":"open","sticky":false,"template":"","format":"standard","meta":[],"categories":[29],"tags":[131,138,317,494,586,744],"_links":{"self":[{"href":"https:\/\/www.ilhadabeleza.com.br\/blog\/wp-json\/wp\/v2\/posts\/817"}],"collection":[{"href":"https:\/\/www.ilhadabeleza.com.br\/blog\/wp-json\/wp\/v2\/posts"}],"about":[{"href":"https:\/\/www.ilhadabeleza.com.br\/blog\/wp-json\/wp\/v2\/types\/post"}],"author":[{"embeddable":true,"href":"https:\/\/www.ilhadabeleza.com.br\/blog\/wp-json\/wp\/v2\/users\/2"}],"replies":[{"embeddable":true,"href":"https:\/\/www.ilhadabeleza.com.br\/blog\/wp-json\/wp\/v2\/comments?post=817"}],"version-history":[{"count":2,"href":"https:\/\/www.ilhadabeleza.com.br\/blog\/wp-json\/wp\/v2\/posts\/817\/revisions"}],"predecessor-version":[{"id":6379,"href":"https:\/\/www.ilhadabeleza.com.br\/blog\/wp-json\/wp\/v2\/posts\/817\/revisions\/6379"}],"wp:featuredmedia":[{"embeddable":true,"href":"https:\/\/www.ilhadabeleza.com.br\/blog\/wp-json\/wp\/v2\/media\/950"}],"wp:attachment":[{"href":"https:\/\/www.ilhadabeleza.com.br\/blog\/wp-json\/wp\/v2\/media?parent=817"}],"wp:term":[{"taxonomy":"category","embeddable":true,"href":"https:\/\/www.ilhadabeleza.com.br\/blog\/wp-json\/wp\/v2\/categories?post=817"},{"taxonomy":"post_tag","embeddable":true,"href":"https:\/\/www.ilhadabeleza.com.br\/blog\/wp-json\/wp\/v2\/tags?post=817"}],"curies":[{"name":"wp","href":"https:\/\/api.w.org\/{rel}","templated":true}]}}